{"id":1,"date":"2020-02-11T15:16:17","date_gmt":"2020-02-11T14:16:17","guid":{"rendered":"http:\/\/mvear.com\/?p=1"},"modified":"2020-03-04T14:16:19","modified_gmt":"2020-03-04T13:16:19","slug":"bonjour-tout-le-monde","status":"publish","type":"post","link":"https:\/\/mvear.com\/?p=1","title":{"rendered":"L&#8217;\u00e9quipe\u00a0!"},"content":{"rendered":"\n<p> \u00c0 VOS C\u00d4T\u00c9S, UNE \u00c9QUIPE AUDACIEUSE ET MOTIV\u00c9E POUR APPORTER UN NOUVEL \u00c9LAN \u00c0 NOTRE COMMUNE <\/p>\n\n\n\n<div class=\"tmm tmm_equipe\"><div class=\"tmm_1_columns tmm_wrap tmm_theme_f\"><span class=\"tmm_two_containers_tablet\"><\/span><div class=\"tmm_container\"><div class=\"tmm_member\" style=\"border-top:#af7ce2 solid 5px;\"><div class=\"tmm_photo tmm_pic_equipe_0\" style=\"background: url(http:\/\/mvear.com\/wp-content\/uploads\/2020\/02\/IMG_5093-scaled-e1581435832659.jpeg); margin-left: auto; margin-right:auto; background-size:cover !important;\"><\/div><div class=\"tmm_textblock\"><div class=\"tmm_names\"><span class=\"tmm_fname\">Nicolas<\/span> <span class=\"tmm_lname\">MOURIER<\/span><\/div><div class=\"tmm_job\">47 ans, Chef d'entreprise<\/div><div class=\"tmm_desc\" style=\"text-align:\"><p>Papa de 5 gar\u00e7ons (22, 18, 13, 11 et 8 ans), je suis arriv\u00e9 et tomb\u00e9 amoureux d'Aubign\u00e9-Racan en 2002.<\/p><p>Chef d'entreprise depuis l\u2019\u00e2ge de 22 ans (1995 : Soci\u00e9t\u00e9 AP&amp;SI et SAS Print &amp; Design sur Aubign\u00e9-Racan), j'ai toujours ador\u00e9 le monde de l'entrepreneuriat et le travail en \u00e9quipe. J'aime les gens ! Avec leurs qualit\u00e9s et leurs d\u00e9fauts !<br>Pr\u00e9sident de l'Association des Entreprises du Val du Loir pendant 5 ans, j'ai appr\u00e9ci\u00e9 toutes les actions men\u00e9es pour promouvoir l'attractivit\u00e9 de notre territoire, cr\u00e9er du lien entre chefs d'entreprise, et d\u00e9velopper l\u2019activit\u00e9 \u00e9conomique locale.<\/p><p>Conseiller municipal engag\u00e9 depuis 2008, il me tient \u00e0 c\u0153ur de m'investir pleinement avec une \u00e9quipe audacieuse et motiv\u00e9e pour dynamiser, avec vous, notre commune et son d\u00e9veloppement, mais aussi la Communaut\u00e9 de Communes \"Sud Sarthe\".<\/p><\/div><div class=\"tmm_scblock\"><a target=\"_blank\" class=\"tmm_sociallink\" href=\"https:\/\/www.linkedin.com\/in\/nmourier\/\" title=\"\"><img alt=\"\" src=\"https:\/\/mvear.com\/wp-content\/plugins\/team-members\/inc\/img\/links\/linkedin.png\"\/><\/a><\/div><\/div><\/div><\/div><span class=\"tmm_columns_containers_desktop\"><\/span><div class=\"tmm_container\"><div class=\"tmm_member\" style=\"border-top:#af7ce2 solid 5px;\"><div class=\"tmm_photo tmm_pic_equipe_1\" style=\"background: url(http:\/\/mvear.com\/wp-content\/uploads\/2020\/02\/IMG_5084-scaled-e1581435848823.jpeg); margin-left: auto; margin-right:auto; background-size:cover !important;\"><\/div><div class=\"tmm_textblock\"><div class=\"tmm_names\"><span class=\"tmm_fname\">Monique<\/span> <span class=\"tmm_lname\">DELAPORTE<\/span><\/div><div class=\"tmm_job\">62 ans, Retrait\u00e9e fonction publique d'Etat<\/div><div class=\"tmm_desc\" style=\"text-align:\"><p class=\"Standard\">Je suis n\u00e9e \u00e0 Aubign\u00e9-Racan, et y ai toujours v\u00e9cu, m\u00eame pendant ma carri\u00e8re professionnelle qui s'est presque enti\u00e8rement d\u00e9roul\u00e9e \u00e0 Paris.<\/p><p class=\"Standard\">Je suis retrait\u00e9e depuis peu, apr\u00e8s 38 ann\u00e9es d'activit\u00e9s professionnelles en Administration centrale \u00e0 Paris, puis ces 4 derni\u00e8res ann\u00e9es pass\u00e9es au Mans, o\u00f9 j'ai occup\u00e9 des postes administratifs, principalement dans le domaine du monde ancien combattant et dans celui des ressources humaines.<\/p><p class=\"Standard\">Au niveau local, je suis tr\u00e8s investie depuis de nombreuses ann\u00e9es au profit du monde combattant associatif. Gr\u00e2ce \u00e0 cette forte implication, de nombreux adh\u00e9rents de notre association locale ont pu se voir reconna\u00eetre des droits (titres et statuts, d\u00e9corations).<\/p><p class=\"Standard\">J'attache une grande importance au relationnel et \u00e0 l'&nbsp;\u00ab&nbsp;humain&nbsp;\u00bb.<\/p><p class=\"Standard\">Mon souhait pour nos concitoyens, c'est de faire en sorte que chacun puisse bien vivre \u00e0 Aubign\u00e9-Racan gr\u00e2ce aux moyens de communication, aux commerces et \u00e0 la convivialit\u00e9 via les associations.<\/p><\/div><div class=\"tmm_scblock\"><\/div><\/div><\/div><span class=\"tmm_two_containers_tablet\"><\/span><\/div><span class=\"tmm_columns_containers_desktop\"><\/span><div class=\"tmm_container\"><div class=\"tmm_member\" style=\"border-top:#af7ce2 solid 5px;\"><div class=\"tmm_photo tmm_pic_equipe_2\" style=\"background: url(http:\/\/mvear.com\/wp-content\/uploads\/2020\/02\/IMG_5080-scaled-e1581435868409.jpeg); margin-left: auto; margin-right:auto; background-size:cover !important;\"><\/div><div class=\"tmm_textblock\"><div class=\"tmm_names\"><span class=\"tmm_fname\">Xavier<\/span> <span class=\"tmm_lname\">DE MARNHAC<\/span><\/div><div class=\"tmm_job\">68 ans, Conseiller en affaires publiques<\/div><div class=\"tmm_desc\" style=\"text-align:\"><p>Mi-loz\u00e9rien et mi-poitevin, apr\u00e8s une carri\u00e8re militaire qui m\u2019a vu d\u00e9m\u00e9nager 18 fois en 39 ans, j\u2019ai pos\u00e9 mon sac \u00e0 Aubign\u00e9-Racan en 2005 et j\u2019y r\u00e9side en permanence depuis 2010. Mari\u00e9 et p\u00e8re de 5 filles, je profite r\u00e9guli\u00e8rement de mes 11 petits-enfants (mais je n\u2019ai pas dit mon dernier mot&nbsp;!). J\u2019ai cr\u00e9\u00e9 une petite soci\u00e9t\u00e9 de consultant domicili\u00e9e \u00e0 Aubign\u00e9 et je suis toujours conseiller s\u00e9nior au sein d\u2019un cabinet d\u2019affaires publiques \u00e0 Paris. Je donne \u00e9galement des cours \u00e0 l\u2019Universit\u00e9 Catholique de l\u2019Ouest (UCO) \u00e0 Angers.<\/p><p>Soucieux de m\u2019impliquer dans la vie de notre commune, j\u2019ai rejoins notre \u00e9quipe d\u00e8s le d\u00e9but et je suis particuli\u00e8rement int\u00e9ress\u00e9 par la Communaut\u00e9 de Commune&nbsp;: je consid\u00e8re que c\u2019est une structure o\u00f9 se trouvent d\u00e9sormais beaucoup de ressources et o\u00f9 se prennent de nombreuses d\u00e9cisions qui engagent notre avenir.<\/p><p>Pratiquant r\u00e9guli\u00e8rement le VTT, je sillonne les chemins communaux et m\u2019adonne \u00e9galement au mod\u00e9lisme ferroviaire, passion qui me vient d\u2019un de mes grands-p\u00e8res.<\/p><\/div><div class=\"tmm_scblock\"><a target=\"_blank\" class=\"tmm_sociallink\" href=\"https:\/\/www.linkedin.com\/in\/xavier-de-marnhac-02849341\/\" title=\"\"><img alt=\"\" src=\"https:\/\/mvear.com\/wp-content\/plugins\/team-members\/inc\/img\/links\/linkedin.png\"\/><\/a><\/div><\/div><\/div><\/div><span class=\"tmm_columns_containers_desktop\"><\/span><div class=\"tmm_container\"><div class=\"tmm_member\" style=\"border-top:#af7ce2 solid 5px;\"><div class=\"tmm_photo tmm_pic_equipe_3\" style=\"background: url(http:\/\/mvear.com\/wp-content\/uploads\/2020\/02\/IMG_5078-scaled-e1581435913681.jpeg); margin-left: auto; margin-right:auto; background-size:cover !important;\"><\/div><div class=\"tmm_textblock\"><div class=\"tmm_names\"><span class=\"tmm_fname\">Anita<\/span> <span class=\"tmm_lname\">MARTINEAU<\/span><\/div><div class=\"tmm_job\">61 ans, Exploitante agricole<\/div><div class=\"tmm_desc\" style=\"text-align:\"><p>Native de La Fl\u00e8che, je suis arriv\u00e9e avec mes parents en 1963 sur Vaas. <br>Mari\u00e9e \u00e0 un Aubignanais pur souche en 1980, je suis venue habiter \u00e0 Aubign\u00e9-Racan.<br>Apr\u00e8s avoir travaill\u00e9 comme secr\u00e9taire-comptable pendant 8 ans sur Tours et La Fl\u00e8che, j'ai rejoint mon mari dans son exploitation agricole.<br>J'ai deux enfants et deux petits-enfants.<br>Je me suis investie dans plusieurs associations depuis que je suis sur la commune (parents d'\u00e9l\u00e8ve, comit\u00e9 des f\u00eates, comice communale et cantonal\u2026)<br>Mes hobbies : marche, lecture, jeux de mots ...<br>Conseill\u00e8re municipale depuis 2001, je m'engage \u00e0 nouveau avec une \u00e9quipe motiv\u00e9e pour redonner du dynamisme, de l'attractivit\u00e9 et surtout pour \u00eatre \u00e0 l'\u00e9coute des habitants.<\/p><\/div><div class=\"tmm_scblock\"><\/div><\/div><\/div><span class=\"tmm_two_containers_tablet\"><\/span><\/div><span class=\"tmm_columns_containers_desktop\"><\/span><div class=\"tmm_container\"><div class=\"tmm_member\" style=\"border-top:#af7ce2 solid 5px;\"><div class=\"tmm_photo tmm_pic_equipe_4\" style=\"background: url(http:\/\/mvear.com\/wp-content\/uploads\/2020\/02\/IMG_5073-scaled-e1581435935376.jpeg); margin-left: auto; margin-right:auto; background-size:cover !important;\"><\/div><div class=\"tmm_textblock\"><div class=\"tmm_names\"><span class=\"tmm_fname\">Bruno<\/span> <span class=\"tmm_lname\">LEDUC<\/span><\/div><div class=\"tmm_job\">65 ans, Retrait\u00e9 paysagiste<\/div><div class=\"tmm_desc\" style=\"text-align:\"><p>Mari\u00e9, 2 enfants, j'habite \u00e0 Aubign\u00e9-Racan depuis le 1er janvier 1984.<\/p><p>Conseiller municipal depuis mars 1995, 4 mandats dont un en tant qu'Adjoint.<\/p><p>Investi dans plusieurs associations de la commune : commer\u00e7ants, boules, comice, p\u00eache, je suis aussi responsable des chemins de randonn\u00e9es.<\/p><p>&nbsp;<\/p><\/div><div class=\"tmm_scblock\"><\/div><\/div><\/div><\/div><span class=\"tmm_columns_containers_desktop\"><\/span><div class=\"tmm_container\"><div class=\"tmm_member\" style=\"border-top:#af7ce2 solid 5px;\"><div class=\"tmm_photo tmm_pic_equipe_5\" style=\"background: url(http:\/\/mvear.com\/wp-content\/uploads\/2020\/02\/IMG_5057-scaled-e1581435962945.jpeg); margin-left: auto; margin-right:auto; background-size:cover !important;\"><\/div><div class=\"tmm_textblock\"><div class=\"tmm_names\"><span class=\"tmm_fname\">Brigitte<\/span> <span class=\"tmm_lname\">L\u00c9ON<\/span><\/div><div class=\"tmm_job\">57 ans, Assistante dentaire<\/div><div class=\"tmm_desc\" style=\"text-align:\"><p>Je suis arriv\u00e9e \u00e0 Aubign\u00e9-Racan il y a maintenant 55 ans et je pense \u00eatre connue par un grand nombre d'habitants. <br>Je suis mari\u00e9e, j ai une fille et un petit fils. <br>Mes hobbies sont les suivants :<br>marche, v\u00e9lo, lecture et jardinage (surtout les fleurs). <br>J'aimerais beaucoup m'investir dans notre commune ou j'ai grandi et surtout donner de mon temps aux personnes qui en ont besoin.<\/p><\/div><div class=\"tmm_scblock\"><\/div><\/div><\/div><span class=\"tmm_two_containers_tablet\"><\/span><\/div><span class=\"tmm_columns_containers_desktop\"><\/span><div class=\"tmm_container\"><div class=\"tmm_member\" style=\"border-top:#af7ce2 solid 5px;\"><div class=\"tmm_photo tmm_pic_equipe_6\" style=\"background: url(http:\/\/mvear.com\/wp-content\/uploads\/2020\/02\/IMG_5087-scaled-e1581436096707.jpeg); margin-left: auto; margin-right:auto; background-size:cover !important;\"><\/div><div class=\"tmm_textblock\"><div class=\"tmm_names\"><span class=\"tmm_fname\">Pascal<\/span> <span class=\"tmm_lname\">PONTONNIER<\/span><\/div><div class=\"tmm_job\">57 ans, Agent de fabrication<\/div><div class=\"tmm_desc\" style=\"text-align:\"><p>Natif de VAAS en 1962, arriv\u00e9 en 1975 \u00e0 Aubign\u00e9-Racan <br>J'ai 2 enfants aujourd'hui, une Vend\u00e9enne et un Aubignanais, et 3 petits enfants<\/p><p>Mes hobbies : Football, boules, belote<br>Ma passion : Bateau<\/p><p>Pompier depuis 1984, chef de centre de 2007 \u00e0 2017<br>Conseiller municipal de 2008 \u00e0 2014<\/p><p>Mes centres d'int\u00e9r\u00eat au sein de la municipalit\u00e9 :<br>- P\u00e9renniser le commerce local et les services de soins,<br>- Redynamiser le secteur de la gare,<br>- Maintenir l'effectif des pompiers afin de mieux g\u00e9rer les interventions et secourir nos citoyens dans de plus bref d\u00e9lais.<\/p><\/div><div class=\"tmm_scblock\"><\/div><\/div><\/div><\/div><span class=\"tmm_columns_containers_desktop\"><\/span><div class=\"tmm_container\"><div class=\"tmm_member\" style=\"border-top:#af7ce2 solid 5px;\"><div class=\"tmm_photo tmm_pic_equipe_7\" style=\"background: url(http:\/\/mvear.com\/wp-content\/uploads\/2020\/02\/IMG_5068-scaled-e1581436170435.jpeg); margin-left: auto; margin-right:auto; background-size:cover !important;\"><\/div><div class=\"tmm_textblock\"><div class=\"tmm_names\"><span class=\"tmm_fname\">Coraline<\/span> <span class=\"tmm_lname\">HILDYARD<\/span><\/div><div class=\"tmm_job\">36 ans, Assistante commerciale<\/div><div class=\"tmm_desc\" style=\"text-align:\"><p>Je suis Pacs\u00e9e - 2 enfants (11 et 8 ans)<br>J'habite \u00e0 Aubign\u00e9-Racan depuis 2007 (13 ans)<br>Mes loisirs : sport (course \u00e0 pied, randonn\u00e9e, badminton, VTT...), lecture<\/p><p>L'int\u00e9r\u00eat pour moi d'int\u00e9grer le conseil municipal c'est avant tout de m'investir de fa\u00e7on significative au sein de la commune, pour rendre \"service\" \u00e0 la municipalit\u00e9, notamment dans le domaine de la jeunesse et des \u00e9changes interg\u00e9n\u00e9rationnels, ce sont les cl\u00e9s de notre avenir, particuli\u00e8rement dans nos communes rurales. Il est tr\u00e8s important \u00e9galement de continuer \u00e0 faire vivre nos commer\u00e7ants, de p\u00e9renniser les effectifs de nos \u00e9coles et nos services de proximit\u00e9, l'attractivit\u00e9 de notre commune.<br>Je suis aussi tr\u00e8s fi\u00e8re d'avoir int\u00e9gr\u00e9e une \u00e9quipe tr\u00e8s diversifi\u00e9e, autant par nos \u00e2ges, que nos activit\u00e9s professionnelles. Nous sommes tous motiv\u00e9s, engag\u00e9s et pr\u00eats \u00e0 r\u00e9aliser de belles choses pour Aubign\u00e9-Racan.<\/p><\/div><div class=\"tmm_scblock\"><\/div><\/div><\/div><span class=\"tmm_two_containers_tablet\"><\/span><\/div><span class=\"tmm_columns_containers_desktop\"><\/span><div class=\"tmm_container\"><div class=\"tmm_member\" style=\"border-top:#af7ce2 solid 5px;\"><div class=\"tmm_photo tmm_pic_equipe_8\" style=\"background: url(http:\/\/mvear.com\/wp-content\/uploads\/2020\/02\/IMG_5061-scaled-e1581437149127.jpeg); margin-left: auto; margin-right:auto; background-size:cover !important;\"><\/div><div class=\"tmm_textblock\"><div class=\"tmm_names\"><span class=\"tmm_fname\">Arnaud<\/span> <span class=\"tmm_lname\">HENRY<\/span><\/div><div class=\"tmm_job\">50 ans, Manager de magasin<\/div><div class=\"tmm_desc\" style=\"text-align:\"><h6>Breton d'origine, Sarthois d'adoption<\/h6><p>Je suis arriv\u00e9 dans la commune en 2005 pour des raisons professionnelles. Je travaille dans le discount alimentaire depuis 17 ans au sein de l'enseigne ALDI. Mari\u00e9, papa de 3 gar\u00e7ons, notre installation \u00e0 Aubign\u00e9-Racan s'est faite selon des crit\u00e8res de choix simples, \u00e9cole, commerces, unit\u00e9s m\u00e9dicales, parc de promenades et vie rurale.<\/p><p>J'ai \u00e9t\u00e9 pr\u00e9sident de l'APE (Association des Parents d'\u00c9l\u00e8ves) de l'\u00e9cole publique pendant 4 ann\u00e9es, et aussi licenci\u00e9 \u00e0 l'USAR en section v\u00e9t\u00e9ran.<\/p><p>J'appr\u00e9cie les choses simples, la convivialit\u00e9, un bon repas avec du bon vin, le partage et l'\u00e9change des savoirs. J'aime le sport individuel, comme la course \u00e0 pied, la natation et le sport collectif, le football et le badminton, avec un brin de comp\u00e9tition pour \u00eatre \u00e0 la recherche de la performance.<\/p><\/div><div class=\"tmm_scblock\"><\/div><\/div><\/div><\/div><span class=\"tmm_columns_containers_desktop\"><\/span><div class=\"tmm_container\"><div class=\"tmm_member\" style=\"border-top:#af7ce2 solid 5px;\"><div class=\"tmm_photo tmm_pic_equipe_9\" style=\"background: url(http:\/\/mvear.com\/wp-content\/uploads\/2020\/02\/IMG_5072-scaled-e1581437184380.jpeg); margin-left: auto; margin-right:auto; background-size:cover !important;\"><\/div><div class=\"tmm_textblock\"><div class=\"tmm_names\"><span class=\"tmm_fname\">Elodie<\/span> <span class=\"tmm_lname\">GAUCHER-LOISEAU<\/span><\/div><div class=\"tmm_job\">37 ans, Ouvri\u00e8re<\/div><div class=\"tmm_desc\" style=\"text-align:\"><div>Je suis arriv\u00e9e \u00e0 Aubign\u00e9-Racan en 1985, o\u00f9 j'ai effectu\u00e9 ma scolarit\u00e9 ainsi qu'\u00e0 Mayet et Ruill\u00e9 sur Loir jusqu'en 2004.<\/div><div>Apr\u00e8s avoir quitt\u00e9 8 ans la commune, j'ai souhait\u00e9 revenir m'y installer depuis 2012.<\/div><div>Je suis mari\u00e9e, 3 enfants (14 ans, 10 ans et 9 ans).<\/div><div>J'aime cuisiner (surtout les g\u00e2teaux), faire du Sudoku et des loisirs cr\u00e9atifs avec mes enfants.<\/div><div>Je souhaite m'investir dans ma commune afin d'am\u00e9liorer le dynamisme et \u00eatre \u00e0 l'\u00e9coute des citoyens jeunes et moins jeunes qui sont les premiers concern\u00e9s.<\/div><\/div><div class=\"tmm_scblock\"><\/div><\/div><\/div><span class=\"tmm_two_containers_tablet\"><\/span><\/div><span class=\"tmm_columns_containers_desktop\"><\/span><div class=\"tmm_container\"><div class=\"tmm_member\" style=\"border-top:#af7ce2 solid 5px;\"><div class=\"tmm_photo tmm_pic_equipe_10\" style=\"background: url(http:\/\/mvear.com\/wp-content\/uploads\/2020\/02\/IMG_5058-scaled-e1581437305697.jpeg); margin-left: auto; margin-right:auto; background-size:cover !important;\"><\/div><div class=\"tmm_textblock\"><div class=\"tmm_names\"><span class=\"tmm_fname\">Christophe<\/span> <span class=\"tmm_lname\">RAMAUG\u00c9<\/span><\/div><div class=\"tmm_job\">41 ans, Comptable<\/div><div class=\"tmm_desc\" style=\"text-align:\"><p dir=\"ltr\">Je suis n\u00e9 \u00e0 l'h\u00f4pital de Ch\u00e2teau du Loir mais j'ai pass\u00e9 toute ma vie \u00e0 Aubign\u00e9-Racan.<\/p><p dir=\"ltr\">C\u00e9libataire sans enfants, j'aime faire du sport : foot, VTT, course \u00e0 pied.<\/p><p dir=\"ltr\">Je suis tr\u00e9sorier du club de foot de l'Union Sportive d'Aubign\u00e9-Racan et responsable de la section v\u00e9t\u00e9rans.<br>J'adore sortir entre amis, aller au cin\u00e9ma (surtout films de science-fiction)<br>J'adorerais faire de la plong\u00e9e sous-marine mais malheureusement j'ai la phobie des profondeurs (d\u00e9j\u00e0 quand j'ai pas pied ;-)).<\/p><p dir=\"ltr\">Mes centres d'int\u00e9r\u00eat au sein de la municipalit\u00e9 :&nbsp;m'investir aupr\u00e8s des habitants d'Aubign\u00e9-Racan et faire bouger la ville, retrouver le sens festif et le dynamisme que la commune a connu.<\/p><\/div><div class=\"tmm_scblock\"><\/div><\/div><\/div><\/div><span class=\"tmm_columns_containers_desktop\"><\/span><div class=\"tmm_container\"><div class=\"tmm_member\" style=\"border-top:#af7ce2 solid 5px;\"><div class=\"tmm_photo tmm_pic_equipe_11\" style=\"background: url(http:\/\/mvear.com\/wp-content\/uploads\/2020\/02\/IMG_5070-scaled-e1581437339474.jpeg); margin-left: auto; margin-right:auto; background-size:cover !important;\"><\/div><div class=\"tmm_textblock\"><div class=\"tmm_names\"><span class=\"tmm_fname\">Pauline<\/span> <span class=\"tmm_lname\">FAGAULT<\/span><\/div><div class=\"tmm_job\">20 ans, Etudiante<\/div><div class=\"tmm_desc\" style=\"text-align:\"><p>J'ai 20 ans et suis native d\u2019Aubign\u00e9-Racan.<\/p><p>Je pr\u00e9pare un BTS Services et Prestations des Secteurs Sanitaires et Sociales en alternance, \u00e0 l\u2019UFA de Ruill\u00e9-sur-Loir.<\/p><p>J\u2019aime pratiquer le sport (course \u00e0 pied, marche, v\u00e9lo\u2026).<\/p><p>je suis motiv\u00e9e d\u2019int\u00e9grer le Conseil Municipal pour \u00eatre \u00e0 l\u2019\u00e9coute de nos concitoyens et de d\u00e9velopper notre c\u00f4t\u00e9 social afin d'aider les personnes en difficult\u00e9s ou isol\u00e9es, sans oublier les commer\u00e7ants ainsi que les associations d\u2019Aubign\u00e9 et d\u2019apporter de nouvelles id\u00e9es au sein de notre village.<\/p><p>Nous sommes une \u00e9quipe motiv\u00e9e pour r\u00e9pondre aux besoins de nos habitants.<\/p><\/div><div class=\"tmm_scblock\"><\/div><\/div><\/div><span class=\"tmm_two_containers_tablet\"><\/span><\/div><span class=\"tmm_columns_containers_desktop\"><\/span><div class=\"tmm_container\"><div class=\"tmm_member\" style=\"border-top:#af7ce2 solid 5px;\"><div class=\"tmm_photo tmm_pic_equipe_12\" style=\"background: url(http:\/\/mvear.com\/wp-content\/uploads\/2020\/02\/IMG_5082-scaled-e1581437369464.jpeg); margin-left: auto; margin-right:auto; background-size:cover !important;\"><\/div><div class=\"tmm_textblock\"><div class=\"tmm_names\"><span class=\"tmm_fname\">Janick<\/span> <span class=\"tmm_lname\">LEBOUC<\/span><\/div><div class=\"tmm_job\">69 ans, Retrait\u00e9 \u00e9ducation nationale<\/div><div class=\"tmm_desc\" style=\"text-align:\"><p>Je suis n\u00e9 \u00e0 AUBIGNE-RACAN en 1950, mari\u00e9, 2 enfants, 4 petits-enfants.<\/p><p>J'ai poursuivi ma scolarit\u00e9 \u00e0 Aubign\u00e9-Racan et Mayet puis \u00e0 l'Ecole Normale d\u2019Instituteurs au MANS<\/p><p>De 1970 \u00e0 2005, j'ai exerc\u00e9 le m\u00e9tier d'instituteur \u00e0 Sarc\u00e9, Vaas, Aubign\u00e9 et aussi de directeur d'\u00e9cole du Lude puis \u00e0 La Fl\u00e8che<\/p><p>Investi dans le monde associatif, j'ai fait parti de plusieurs associations :<br>- Amicale de l\u2019Enseignement Public (La Fl\u00e8che)<br>- Tr\u00e9sorier adjoint et mandataire d\u00e9partemental de l'OCCE (Office Central de la Coop\u00e9ration \u00e0 l\u2019Ecole) de la Sarthe<br>- Tr\u00e9sorier-adjoint d\u00e9partemental \"Le Jardinier Sarthois\" et membre de la section d\u2019AUBIGNE-RACAN<br>- Membre du CA du club d\u2019AUBIGNE-RACAN de G\u00e9n\u00e9ration Mouvements<\/p><p>Mes occupations : jardinage, lecture, mots fl\u00e9ch\u00e9s, mots crois\u00e9s, sudoku, \u2026.<\/p><p><b>DOMAINES D'INT\u00c9R\u00caT POUR LA COMMUNE :<br><\/b>Tous mais particuli\u00e8rement la<strong> communication<\/strong> (presse, radio, t\u00e9l\u00e9, internet, bulletin, Echo mensuel, ...) et les <strong>finances<\/strong><\/p><\/div><div class=\"tmm_scblock\"><\/div><\/div><\/div><\/div><span class=\"tmm_columns_containers_desktop\"><\/span><div class=\"tmm_container\"><div class=\"tmm_member\" style=\"border-top:#af7ce2 solid 5px;\"><div class=\"tmm_photo tmm_pic_equipe_13\" style=\"background: url(http:\/\/mvear.com\/wp-content\/uploads\/2020\/02\/IMG_5076-scaled-e1581437400828.jpeg); margin-left: auto; margin-right:auto; background-size:cover !important;\"><\/div><div class=\"tmm_textblock\"><div class=\"tmm_names\"><span class=\"tmm_fname\">Marinette<\/span> <span class=\"tmm_lname\">RENOU<\/span><\/div><div class=\"tmm_job\">64 ans, Retrait\u00e9e assistante fun\u00e9raire<\/div><div class=\"tmm_desc\" style=\"text-align:\"><div>Je suis sur la commune&nbsp; d'Aubign\u00e9-Racan depuis 30 ans.<\/div><div>Mari\u00e9e, 2 enfants,1 petite fille.<\/div><div>Mes loisirs : le yoga, la randonn\u00e9e, la natation et le jardinage.&nbsp;<\/div><div>D\u00e9j\u00e0 investie dans l'association G\u00e9n\u00e9rations Mouvement d'Aubign\u00e9-Racan (Secr\u00e9taire Adjointe), j'aimerais beaucoup m'investir dans notre commune.<\/div><div>&nbsp;<\/div><\/div><div class=\"tmm_scblock\"><\/div><\/div><\/div><span class=\"tmm_two_containers_tablet\"><\/span><\/div><span class=\"tmm_columns_containers_desktop\"><\/span><div class=\"tmm_container\"><div class=\"tmm_member\" style=\"border-top:#af7ce2 solid 5px;\"><div class=\"tmm_photo tmm_pic_equipe_14\" style=\"background: url(http:\/\/mvear.com\/wp-content\/uploads\/2020\/02\/IMG_5066-scaled-e1581437441578.jpeg); margin-left: auto; margin-right:auto; background-size:cover !important;\"><\/div><div class=\"tmm_textblock\"><div class=\"tmm_names\"><span class=\"tmm_fname\">David<\/span> <span class=\"tmm_lname\">CHAUFOUR<\/span><\/div><div class=\"tmm_job\">31 ans, Commercial<\/div><div class=\"tmm_desc\" style=\"text-align:\"><p>Natif d'Aubign\u00e9-Racan, j'y habite donc depuis 31 ans !<\/p><p>Je suis papa de 3 enfants \u00e2g\u00e9s de 3 ans et demi et 11 mois,<\/p><p>&nbsp;Je m\u2019occupe de la soci\u00e9t\u00e9 de chasse de Champmarin, dans laquelle, malgr\u00e9 les divers points de vue qui nous entourent, la r\u00e8gle de base est de respecter les usagers des chemins de randonn\u00e9es publiques et am\u00e9liorer l\u2019image de la chasse.<\/p><p>De nature curieuse j\u2019aime bien d\u00e9couvrir et comprendre les choses&nbsp;!<\/p><p>J\u2019aime sortir en famille ou entre amis, la convivialit\u00e9 et vivre simplement<\/p><p>J\u2019adore discuter avec les gens, recevoir des id\u00e9es et en \u00e9mettre<\/p><p>Je d\u00e9teste les pr\u00e9jug\u00e9es et l\u2019ingratitude<\/p><p>Ma curiosit\u00e9, l\u2019envie de participer \u00e0 la vie de la commune, les ambitions et l\u2019\u00e9nergie de cette \u00e9quipe tr\u00e8s diversifi\u00e9e tant par les \u00e2ges, les professions, les participations et l\u2019exp\u00e9rience dans divers domaines et associations de chacun, m\u2019ont motiv\u00e9 pour ce projet !<\/p><p>Ce que je souhaite pour la commune est de d\u00e9velopper l\u2019attractivit\u00e9 et le dynamisme (gare, tissu associatif, commerce, m\u00e9dicale)<\/p><p>La volont\u00e9 de l\u2019\u00e9quipe qui est bas\u00e9e sur l\u2019ouverture, la discussion et le souhait de garder et am\u00e9liorer le <strong>Bon vivre \u00e0 Aubign\u00e9-Racan<\/strong> me plait <strong>fortement<\/strong><\/p><p>&nbsp;<\/p><\/div><div class=\"tmm_scblock\"><\/div><\/div><\/div><\/div><span class=\"tmm_columns_containers_desktop\"><\/span><div class=\"tmm_container\"><div class=\"tmm_member\" style=\"border-top:#af7ce2 solid 5px;\"><div class=\"tmm_photo tmm_pic_equipe_15\" style=\"background: url(http:\/\/mvear.com\/wp-content\/uploads\/2020\/02\/IMG_5064-scaled-e1581437477706.jpeg); margin-left: auto; margin-right:auto; background-size:cover !important;\"><\/div><div class=\"tmm_textblock\"><div class=\"tmm_names\"><span class=\"tmm_fname\">Am\u00e9lie<\/span> <span class=\"tmm_lname\">SEVAULT<\/span><\/div><div class=\"tmm_job\">26 ans, Employ\u00e9e commerce<\/div><div class=\"tmm_desc\" style=\"text-align:\"><p>Je suis arriv\u00e9e \u00e0 Aubign\u00e9-Racan le 1er F\u00e9vrier 2017.<\/p><p>Mari\u00e9e \u00e0 Aubign\u00e9-Racan en juin 2019.<\/p><p>J\u2019aime faire de la moto, avant j\u2019ai fait du basket et pour le plaisir de temps en temps je fais du badminton.<\/p><p>Je suis investie dans l'association du Comice communal 2020.<\/p><p>Mon int\u00e9r\u00eat au sein de la municipalit\u00e9 est d\u2019apprendre, de m\u2019investir et savoir comment on peut g\u00e9rer la vie d\u2019un village avec ses habitants.<\/p><\/div><div class=\"tmm_scblock\"><\/div><\/div><\/div><span class=\"tmm_two_containers_tablet\"><\/span><\/div><span class=\"tmm_columns_containers_desktop\"><\/span><div class=\"tmm_container\"><div class=\"tmm_member\" style=\"border-top:#af7ce2 solid 5px;\"><div class=\"tmm_photo tmm_pic_equipe_16\" style=\"background: url(http:\/\/mvear.com\/wp-content\/uploads\/2020\/02\/IMG_5055-scaled-e1581437506123.jpeg); margin-left: auto; margin-right:auto; background-size:cover !important;\"><\/div><div class=\"tmm_textblock\"><div class=\"tmm_names\"><span class=\"tmm_fname\">Laurent<\/span> <span class=\"tmm_lname\">NAVELLO<\/span><\/div><div class=\"tmm_job\">66 ans, Retrait\u00e9 directeur commercial<\/div><div class=\"tmm_desc\" style=\"text-align:\"><p>J'ai v\u00e9cu en r\u00e9gion Parisienne parmi les sangliers, les chevreuils, dans un village de 420 habitants, \u00e0 7 km des commerces<\/p><p>Arriv\u00e9 \u00e0 Aubigne-Racan en Octobre 2015, mon souhait \u00e9tait de me rapprocher du centre et de ses commer\u00e7ants.<\/p><p>Aimant le contact humain, j'ai rejoint notre \u00e9quipe tr\u00e8s motiv\u00e9e afin d'\u00eatre \u00e0 l'\u00e9coute de nos concitoyens et redynamiser le commerce local.<\/p><p>D\u00e9j\u00e0 investi dans plusieurs associassions telles que G\u00e9n\u00e9rations Mouvement,le Comice 2020, relancer le comit\u00e9 des f\u00eates fait parti de mes objectifs ainsi que stimuler les activit\u00e9s d\u00e9j\u00e0 existantes et futures avec la participation de toutes les g\u00e9n\u00e9rations.<\/p><p>Passions: Sports m\u00e9caniques, plus particuli\u00e8rement la moto, je suis commissaire de piste, j\u2019appr\u00e9cie la nature,&nbsp;la vie paysanne et le calme.<\/p><\/div><div class=\"tmm_scblock\"><\/div><\/div><\/div><\/div><span class=\"tmm_columns_containers_desktop\"><\/span><div class=\"tmm_container\"><div class=\"tmm_member\" style=\"border-top:#af7ce2 solid 5px;\"><div class=\"tmm_photo tmm_pic_equipe_17\" style=\"background: url(http:\/\/mvear.com\/wp-content\/uploads\/2020\/02\/IMG_5063-scaled-e1581437534978.jpeg); margin-left: auto; margin-right:auto; background-size:cover !important;\"><\/div><div class=\"tmm_textblock\"><div class=\"tmm_names\"><span class=\"tmm_fname\">Cindy<\/span> <span class=\"tmm_lname\">LOVAT<\/span><\/div><div class=\"tmm_job\">35 ans, Aidesoignante<\/div><div class=\"tmm_desc\" style=\"text-align:\"><p>J'ai 35 ans et suis native d\u2019Aubign\u00e9-Racan<br>J'ai 2 enfants de 12 et 10 ans et suis Aide-Soignante en milieu hospitalier,<br>Mes hobbies: la zumba, la course \u00e0 pied et la cuisine <br>Mes centres d\u2019int\u00e9r\u00eat au sein de la municipalit\u00e9 : l\u2019\u00e9cole, la vie scolaire et la cantine pour le bien-\u00eatre des enfants.<\/p><\/div><div class=\"tmm_scblock\"><\/div><\/div><\/div><span class=\"tmm_two_containers_tablet\"><\/span><\/div><span class=\"tmm_columns_containers_desktop\"><\/span><div class=\"tmm_container\"><div class=\"tmm_member\" style=\"border-top:#af7ce2 solid 5px;\"><div class=\"tmm_photo tmm_pic_equipe_18\" style=\"background: url(http:\/\/mvear.com\/wp-content\/uploads\/2020\/02\/IMG_5053-scaled-e1581437563544.jpeg); margin-left: auto; margin-right:auto; background-size:cover !important;\"><\/div><div class=\"tmm_textblock\"><div class=\"tmm_names\"><span class=\"tmm_fname\">Jean-Pierre<\/span> <span class=\"tmm_lname\">SURUT<\/span><\/div><div class=\"tmm_job\">66 ans, Retrait\u00e9 chauffeur<\/div><div class=\"tmm_desc\" style=\"text-align:\"><p>J'habite Aubign\u00e9-Racan depuis 1972.<\/p><p>Je suis mari\u00e9 et j'ai une fille.<\/p><p>J'ai travaill\u00e9 37 ans dans une entreprise locale \u00e0 Aubign\u00e9-Racan comme chauffeur-livreur.<\/p><p>J'aime la p\u00eache, la nature et le jardin.<\/p><p>Je suis Pr\u00e9sident de l'association du \"Jardinier Sarthois\", dans laquelle nous organisons l'\u00e9cole du jardinage avec les enfants.<\/p><p>Mon centre d\u2019int\u00e9r\u00eat pour la commune est d'apporter des id\u00e9es d\u2019am\u00e9lioration et de d\u00e9veloppement pour le bien-\u00eatre des habitants.<\/p><\/div><div class=\"tmm_scblock\"><\/div><\/div><\/div><\/div><span class=\"tmm_columns_containers_desktop\"><\/span><div class=\"tmm_container\"><div class=\"tmm_member\" style=\"border-top:#af7ce2 solid 5px;\"><div class=\"tmm_photo tmm_pic_equipe_19\" style=\"background: url(http:\/\/mvear.com\/wp-content\/uploads\/2020\/02\/h\u00e9l\u00e8ne-e1581437968455.jpg); margin-left: auto; margin-right:auto; background-size:cover !important;\"><\/div><div class=\"tmm_textblock\"><div class=\"tmm_names\"><span class=\"tmm_fname\">H\u00e9l\u00e8ne<\/span> <span class=\"tmm_lname\">CHAUVAT<\/span><\/div><div class=\"tmm_job\">57 ans, Pharmacienne<\/div><div class=\"tmm_desc\" style=\"text-align:\"><div dir=\"auto\">Parler de moi n\u2019a pas beaucoup d\u2019int\u00e9r\u00eat....Je pr\u00e9f\u00e8re \u00e9couter!<\/div><p>Je suis arriv\u00e9e \u00e0 Aubign\u00e9-Racan en 2003 pour y exercer mon activit\u00e9 professionnelle.<\/p><div dir=\"auto\">Cette id\u00e9e d\u2019offrir aux Aubignanais la possibilit\u00e9 de s\u2019investir aupr\u00e8s de l\u2019\u00e9quipe municipale est un des \u00e9l\u00e9ments majeurs de ce programme. Il permettra \u00e0 chacun d\u2019apporter ses comp\u00e9tences mais aussi de nouvelles id\u00e9es et c\u2019est ainsi que des projets ambitieux pourront aboutir pour l\u2019int\u00e9r\u00eat de tous.<\/div><\/div><div class=\"tmm_scblock\"><\/div><\/div><\/div><span class=\"tmm_two_containers_tablet\"><\/span><\/div><span class=\"tmm_columns_containers_desktop\"><\/span><div class=\"tmm_container\"><div class=\"tmm_member\" style=\"border-top:#af7ce2 solid 5px;\"><div class=\"tmm_photo tmm_pic_equipe_20\" style=\"background: url(http:\/\/mvear.com\/wp-content\/uploads\/2020\/02\/IMG_5085-scaled-e1581437998463.jpeg); margin-left: auto; margin-right:auto; background-size:cover !important;\"><\/div><div class=\"tmm_textblock\"><div class=\"tmm_names\"><span class=\"tmm_fname\">Daniel<\/span> <span class=\"tmm_lname\">CHARPENTIER<\/span><\/div><div class=\"tmm_job\">72 ans, Retrait\u00e9 responsable d\u2019usine<\/div><div class=\"tmm_desc\" style=\"text-align:\"><p>J\u2019habite la commune depuis 49 ans et me suis install\u00e9 comme g\u00e9rant dans le magasin des Comptoirs Modernes, puis comme responsable d'usine \u00e0 la soci\u00e9t\u00e9 Cenfora &amp; Smurfit pendant 37 ans.<\/p><p>J'ai 2 enfants.<\/p><p>Je me suis engag\u00e9 chez les sapeurs pompiers pendant 37 ans et 27 ans en tant que chef de centre.<\/p><p>Ancien conseiller municipal pendant 2 mandats<\/p><p>Mes passions sont les sports m\u00e9caniques, la p\u00e8che, la nature, les fleurs et les animaux.<\/p><p>Je me suis pr\u00e9sent\u00e9 sur la liste municipal de Nicolas MOURIER pour \u00eatre \u00e0 l'\u00e9coute de nos concitoyens, trouver des solutions pour le bien \u00eatre de chacun, et apporter de l'aide aux personnes en difficult\u00e9 afin de mieux vivre dans notre commune d'AUBIGN\u00c9-RACAN.<\/p><\/div><div class=\"tmm_scblock\"><\/div><\/div><\/div><div style=\"clear:both;\"><\/div><\/div><\/div><\/div>\n","protected":false},"excerpt":{"rendered":"<p>\u00c0 VOS C\u00d4T\u00c9S, UNE \u00c9QUIPE AUDACIEUSE ET MOTIV\u00c9E POUR APPORTER UN NOUVEL \u00c9LAN \u00c0 NOTRE COMMUNE<\/p>\n","protected":false},"author":1,"featured_media":0,"comment_status":"open","ping_status":"open","sticky":true,"template":"","format":"standard","meta":[],"categories":[2],"tags":[],"_links":{"self":[{"href":"https:\/\/mvear.com\/index.php?rest_route=\/wp\/v2\/posts\/1"}],"collection":[{"href":"https:\/\/mvear.com\/index.php?rest_route=\/wp\/v2\/posts"}],"about":[{"href":"https:\/\/mvear.com\/index.php?rest_route=\/wp\/v2\/types\/post"}],"author":[{"embeddable":true,"href":"https:\/\/mvear.com\/index.php?rest_route=\/wp\/v2\/users\/1"}],"replies":[{"embeddable":true,"href":"https:\/\/mvear.com\/index.php?rest_route=%2Fwp%2Fv2%2Fcomments&post=1"}],"version-history":[{"count":2,"href":"https:\/\/mvear.com\/index.php?rest_route=\/wp\/v2\/posts\/1\/revisions"}],"predecessor-version":[{"id":45,"href":"https:\/\/mvear.com\/index.php?rest_route=\/wp\/v2\/posts\/1\/revisions\/45"}],"wp:attachment":[{"href":"https:\/\/mvear.com\/index.php?rest_route=%2Fwp%2Fv2%2Fmedia&parent=1"}],"wp:term":[{"taxonomy":"category","embeddable":true,"href":"https:\/\/mvear.com\/index.php?rest_route=%2Fwp%2Fv2%2Fcategories&post=1"},{"taxonomy":"post_tag","embeddable":true,"href":"https:\/\/mvear.com\/index.php?rest_route=%2Fwp%2Fv2%2Ftags&post=1"}],"curies":[{"name":"wp","href":"https:\/\/api.w.org\/{rel}","templated":true}]}}